{"id":6342,"date":"2016-03-24T17:49:14","date_gmt":"2016-03-24T16:49:14","guid":{"rendered":"http:\/\/mcprezi.com\/en\/prezi-in-hochformat-9-16-3-4\/"},"modified":"2019-04-02T10:08:23","modified_gmt":"2019-04-02T08:08:23","slug":"how-to-use-prezi-in-portrait-format-9-16-3-4","status":"publish","type":"post","link":"https:\/\/mcprezi.com\/en\/how-to-use-prezi-in-portrait-format-9-16-3-4\/","title":{"rendered":"How to use Prezi in Portrait format &#8211; 9:16, 3:4"},"content":{"rendered":"<p>When using any presentation software in the past, regarding screen ratio\u00a0you could only choose between 4:3 and 16:9 in landscape format. But life has changed! Due to Citylights and advertising screens at trade fairs, cinemas etc. portrait format is on the rise.<!--more--><\/p>\n<p>Some days ago we were asked to create a Prezi presentation in 9:16 portrait format to\u00a0be displayed at a trade fair in an endless loop.<\/p>\n<p>This is what the final presentation in Prezi looked like:<\/p>\n<p style=\"text-align: center;\"><iframe loading=\"lazy\" id=\"iframe_container\" src=\"https:\/\/prezi.com\/embed\/j9mnuczn_yiy\/?bgcolor=ffffff&amp;lock_to_path=1&amp;autoplay=0&amp;autohide_ctrls=0&amp;landing_data=bHVZZmNaNDBIWnNjdEVENDRhZDFNZGNIUE43MHdLNWpsdFJLb2ZHanI0VHdOZE0wQjMxUE11MUR4OVBZVisrdjhBPT0&amp;landing_sign=qh_UdT9UgPiGj6IdSQdq3fSR_yJOKUQIouKzVf6ohKU\" width=\"300\" height=\"540\" frameborder=\"0\" allowfullscreen=\"allowfullscreen\"><\/iframe><\/p>\n<h2>How to use\u00a0Prezi in Portrait format?<\/h2>\n<p>As there is no setting to adjust Prezi to 9:16, 3:4 or any other portrait format, we needed a workaround. Here&#8217;s is how we did it!<\/p>\n<ol>\n<li>Change the screen ratio to &#8220;16:9&#8221;<\/li>\n<li>Create a frame in 16:9 and rotate\u00a0it by 90 degrees<\/li>\n<li>Insert another frame and change the size to match the first frame WITHOUT ROTATING IT<\/li>\n<li>Delete the first frame<\/li>\n<li>Change the screen ratio to &#8220;OFF&#8221;<\/li>\n<li>Copy the new frame as often as you need it\u00a0(Strg+D for\u00a0Windows and\u00a0cmd+D for\u00a0Mac)<\/li>\n<\/ol>\n<p>By setting the screen ration to &#8220;OFF&#8221; the presentation will automatically fit the screen size of whatever screen you use. Therefore, if you use\u00a0a 9:16 screen, the Prezi will automatically fit in perfectly as you Prezi frames were set to 9:16 portrait format.<\/p>\n<p>To visualise what we just said, we created a\u00a0short tutorial video:<\/p>\n<p style=\"text-align: center;\"><iframe loading=\"lazy\" src=\"https:\/\/www.youtube.com\/embed\/wQVnvK4v7m0\" width=\"600\" height=\"450\" frameborder=\"0\" allowfullscreen=\"allowfullscreen\"><\/iframe><\/p>\n<p>And this is what the Prezi example seen in the video looks like in a\u00a0\u00a09:16 Prezi.<\/p>\n<p style=\"text-align: center;\"><iframe loading=\"lazy\" id=\"iframe_container\" src=\"https:\/\/prezi.com\/embed\/9gt4v1xrbfph\/?bgcolor=ffffff&amp;lock_to_path=1&amp;autoplay=0&amp;autohide_ctrls=0&amp;landing_data=bHVZZmNaNDBIWnNjdEVENDRhZDFNZGNIUE43MHdLNWpsdFJLb2ZHanI0ejFjMlVGYjl6NElMSzV3MkZCZXVRSXN3PT0&amp;landing_sign=vEGO7rxvEig9nEDPKYVztjB85jhLNnKGGH3n0IE6R0w\" width=\"300\" height=\"540\" frameborder=\"0\" allowfullscreen=\"allowfullscreen\"><\/iframe><\/p>\n<p>Have fun!<\/p>\n<p style=\"text-align: right;\"><span style=\"font-size: xx-small;\">Image source: #62195456 | \u00a9 Denys Prykhodov &#8211; Fotolia.com<\/span><\/p>\n","protected":false},"excerpt":{"rendered":"<p>When using any presentation software in the past, regarding screen ratio\u00a0you could only choose between 4:3 and 16:9 in landscape format. But life has changed! Due to Citylights and advertising screens at trade fairs, cinemas etc. portrait format is on the rise.<\/p>\n","protected":false},"author":3,"featured_media":6344,"comment_status":"closed","ping_status":"closed","sticky":false,"template":"","format":"standard","meta":{"footnotes":""},"categories":[241],"tags":[],"class_list":["post-6342","post","type-post","status-publish","format-standard","has-post-thumbnail","hentry","category-references-examples-from-mcprezi-news-en"],"yoast_head":"<!-- This site is optimized with the Yoast SEO plugin v27.2 - https:\/\/yoast.com\/product\/yoast-seo-wordpress\/ -->\n<title>How to use Prezi in Portrait format - 9:16, 3:4 | MCPREZI - Public Speaking, Presentation &amp; Prezi Agency<\/title>\n<meta name=\"description\" content=\"Presentations used to be in 4:3 and 16:9 landscape format. But Citylights &amp; Co. bring portrait format to life. See how to use Prezi in Portrait format.\" \/>\n<meta name=\"robots\" content=\"index, follow, max-snippet:-1, max-image-preview:large, max-video-preview:-1\" \/>\n<link rel=\"canonical\" href=\"https:\/\/mcprezi.com\/en\/how-to-use-prezi-in-portrait-format-9-16-3-4\/\" \/>\n<meta property=\"og:locale\" content=\"en_US\" \/>\n<meta property=\"og:type\" content=\"article\" \/>\n<meta property=\"og:title\" content=\"How to use Prezi in Portrait format - 9:16, 3:4 | MCPREZI - Public Speaking, Presentation &amp; Prezi Agency\" \/>\n<meta property=\"og:description\" content=\"Presentations used to be in 4:3 and 16:9 landscape format. But Citylights &amp; Co. bring portrait format to life. See how to use Prezi in Portrait format.\" \/>\n<meta property=\"og:url\" content=\"https:\/\/mcprezi.com\/en\/how-to-use-prezi-in-portrait-format-9-16-3-4\/\" \/>\n<meta property=\"og:site_name\" content=\"MCPREZI - Public Speaking, Presentation &amp; Prezi Agency\" \/>\n<meta property=\"article:publisher\" content=\"https:\/\/www.facebook.com\/mcprezicom\" \/>\n<meta property=\"article:published_time\" content=\"2016-03-24T16:49:14+00:00\" \/>\n<meta property=\"article:modified_time\" content=\"2019-04-02T08:08:23+00:00\" \/>\n<meta property=\"og:image\" content=\"https:\/\/mcprezi.com\/wp-content\/uploads\/2016\/03\/how-to-use-prezi-in-portrait-format_vertical-screenratio.jpg\" \/>\n\t<meta property=\"og:image:width\" content=\"1000\" \/>\n\t<meta property=\"og:image:height\" content=\"643\" \/>\n\t<meta property=\"og:image:type\" content=\"image\/jpeg\" \/>\n<meta name=\"author\" content=\"Michael Sinnhuber\" \/>\n<meta name=\"twitter:card\" content=\"summary_large_image\" \/>\n<meta name=\"twitter:creator\" content=\"@mcprezi\" \/>\n<meta name=\"twitter:site\" content=\"@mcprezi\" \/>\n<!-- \/ Yoast SEO plugin. -->","yoast_head_json":{"title":"How to use Prezi in Portrait format - 9:16, 3:4 | MCPREZI - Public Speaking, Presentation &amp; Prezi Agency","description":"Presentations used to be in 4:3 and 16:9 landscape format. But Citylights & Co. bring portrait format to life. See how to use Prezi in Portrait format.","robots":{"index":"index","follow":"follow","max-snippet":"max-snippet:-1","max-image-preview":"max-image-preview:large","max-video-preview":"max-video-preview:-1"},"canonical":"https:\/\/mcprezi.com\/en\/how-to-use-prezi-in-portrait-format-9-16-3-4\/","og_locale":"en_US","og_type":"article","og_title":"How to use Prezi in Portrait format - 9:16, 3:4 | MCPREZI - Public Speaking, Presentation &amp; Prezi Agency","og_description":"Presentations used to be in 4:3 and 16:9 landscape format. But Citylights & Co. bring portrait format to life. See how to use Prezi in Portrait format.","og_url":"https:\/\/mcprezi.com\/en\/how-to-use-prezi-in-portrait-format-9-16-3-4\/","og_site_name":"MCPREZI - Public Speaking, Presentation &amp; Prezi Agency","article_publisher":"https:\/\/www.facebook.com\/mcprezicom","article_published_time":"2016-03-24T16:49:14+00:00","article_modified_time":"2019-04-02T08:08:23+00:00","og_image":[{"width":1000,"height":643,"url":"https:\/\/mcprezi.com\/wp-content\/uploads\/2016\/03\/how-to-use-prezi-in-portrait-format_vertical-screenratio.jpg","type":"image\/jpeg"}],"author":"Michael Sinnhuber","twitter_card":"summary_large_image","twitter_creator":"@mcprezi","twitter_site":"@mcprezi","schema":{"@context":"https:\/\/schema.org","@graph":[{"@type":"Article","@id":"https:\/\/mcprezi.com\/en\/how-to-use-prezi-in-portrait-format-9-16-3-4\/#article","isPartOf":{"@id":"https:\/\/mcprezi.com\/en\/how-to-use-prezi-in-portrait-format-9-16-3-4\/"},"author":{"name":"Michael Sinnhuber","@id":"https:\/\/mcprezi.com\/en\/#\/schema\/person\/8b414819965a2777a14274cc64b95337"},"headline":"How to use Prezi in Portrait format &#8211; 9:16, 3:4","datePublished":"2016-03-24T16:49:14+00:00","dateModified":"2019-04-02T08:08:23+00:00","mainEntityOfPage":{"@id":"https:\/\/mcprezi.com\/en\/how-to-use-prezi-in-portrait-format-9-16-3-4\/"},"wordCount":253,"publisher":{"@id":"https:\/\/mcprezi.com\/en\/#organization"},"image":{"@id":"https:\/\/mcprezi.com\/en\/how-to-use-prezi-in-portrait-format-9-16-3-4\/#primaryimage"},"thumbnailUrl":"https:\/\/mcprezi.com\/wp-content\/uploads\/2016\/03\/how-to-use-prezi-in-portrait-format_vertical-screenratio.jpg","articleSection":["References &amp; examples from mcprezi - news"],"inLanguage":"en-US"},{"@type":"WebPage","@id":"https:\/\/mcprezi.com\/en\/how-to-use-prezi-in-portrait-format-9-16-3-4\/","url":"https:\/\/mcprezi.com\/en\/how-to-use-prezi-in-portrait-format-9-16-3-4\/","name":"How to use Prezi in Portrait format - 9:16, 3:4 | MCPREZI - Public Speaking, Presentation &amp; Prezi Agency","isPartOf":{"@id":"https:\/\/mcprezi.com\/en\/#website"},"primaryImageOfPage":{"@id":"https:\/\/mcprezi.com\/en\/how-to-use-prezi-in-portrait-format-9-16-3-4\/#primaryimage"},"image":{"@id":"https:\/\/mcprezi.com\/en\/how-to-use-prezi-in-portrait-format-9-16-3-4\/#primaryimage"},"thumbnailUrl":"https:\/\/mcprezi.com\/wp-content\/uploads\/2016\/03\/how-to-use-prezi-in-portrait-format_vertical-screenratio.jpg","datePublished":"2016-03-24T16:49:14+00:00","dateModified":"2019-04-02T08:08:23+00:00","description":"Presentations used to be in 4:3 and 16:9 landscape format. But Citylights & Co. bring portrait format to life. See how to use Prezi in Portrait format.","breadcrumb":{"@id":"https:\/\/mcprezi.com\/en\/how-to-use-prezi-in-portrait-format-9-16-3-4\/#breadcrumb"},"inLanguage":"en-US","potentialAction":[{"@type":"ReadAction","target":["https:\/\/mcprezi.com\/en\/how-to-use-prezi-in-portrait-format-9-16-3-4\/"]}]},{"@type":"ImageObject","inLanguage":"en-US","@id":"https:\/\/mcprezi.com\/en\/how-to-use-prezi-in-portrait-format-9-16-3-4\/#primaryimage","url":"https:\/\/mcprezi.com\/wp-content\/uploads\/2016\/03\/how-to-use-prezi-in-portrait-format_vertical-screenratio.jpg","contentUrl":"https:\/\/mcprezi.com\/wp-content\/uploads\/2016\/03\/how-to-use-prezi-in-portrait-format_vertical-screenratio.jpg","width":1000,"height":643,"caption":"How to use Prezi in Portrait format - 9:16 or 3:4"},{"@type":"BreadcrumbList","@id":"https:\/\/mcprezi.com\/en\/how-to-use-prezi-in-portrait-format-9-16-3-4\/#breadcrumb","itemListElement":[{"@type":"ListItem","position":1,"name":"Home","item":"https:\/\/mcprezi.com\/en\/start\/"},{"@type":"ListItem","position":2,"name":"How to use Prezi in Portrait format &#8211; 9:16, 3:4"}]},{"@type":"WebSite","@id":"https:\/\/mcprezi.com\/en\/#website","url":"https:\/\/mcprezi.com\/en\/","name":"MCPREZI","description":"Agency for Public Speaking, Presentation, Prezi &amp; Powerpoint","publisher":{"@id":"https:\/\/mcprezi.com\/en\/#organization"},"potentialAction":[{"@type":"SearchAction","target":{"@type":"EntryPoint","urlTemplate":"https:\/\/mcprezi.com\/en\/?s={search_term_string}"},"query-input":{"@type":"PropertyValueSpecification","valueRequired":true,"valueName":"search_term_string"}}],"inLanguage":"en-US"},{"@type":"Organization","@id":"https:\/\/mcprezi.com\/en\/#organization","name":"MCPREZI - Agentur f\u00fcr Rhetorik & Pr\u00e4sentation, Prezi & Powerpoint","url":"https:\/\/mcprezi.com\/en\/","logo":{"@type":"ImageObject","inLanguage":"en-US","@id":"https:\/\/mcprezi.com\/en\/#\/schema\/logo\/image\/","url":"https:\/\/mcprezi.com\/wp-content\/uploads\/2025\/01\/MCPREZI.com-Logo-gr.png","contentUrl":"https:\/\/mcprezi.com\/wp-content\/uploads\/2025\/01\/MCPREZI.com-Logo-gr.png","width":1000,"height":1000,"caption":"MCPREZI - Agentur f\u00fcr Rhetorik & Pr\u00e4sentation, Prezi & Powerpoint"},"image":{"@id":"https:\/\/mcprezi.com\/en\/#\/schema\/logo\/image\/"},"sameAs":["https:\/\/www.facebook.com\/mcprezicom","https:\/\/x.com\/mcprezi","https:\/\/instagram.com\/mcprezi","https:\/\/www.linkedin.com\/company\/mcprezi---presentations-that-move","https:\/\/www.pinterest.com\/mcprezi\/"]},{"@type":"Person","@id":"https:\/\/mcprezi.com\/en\/#\/schema\/person\/8b414819965a2777a14274cc64b95337","name":"Michael Sinnhuber","image":{"@type":"ImageObject","inLanguage":"en-US","@id":"https:\/\/secure.gravatar.com\/avatar\/2362de15ef06734cff620a3ed9dc4919c5a5156b4e6ff4e73d0a716a55d5db8f?s=96&d=mm&r=g","url":"https:\/\/secure.gravatar.com\/avatar\/2362de15ef06734cff620a3ed9dc4919c5a5156b4e6ff4e73d0a716a55d5db8f?s=96&d=mm&r=g","contentUrl":"https:\/\/secure.gravatar.com\/avatar\/2362de15ef06734cff620a3ed9dc4919c5a5156b4e6ff4e73d0a716a55d5db8f?s=96&d=mm&r=g","caption":"Michael Sinnhuber"},"description":"Gr\u00fcnder und Gesch\u00e4ftsf\u00fchrer von MCPREZI &amp; PRESENTER.WORLD Einziger zertifizierter PREZI Experte in \u00d6sterreich (TOP 7 Weltweit)","sameAs":["http:\/\/mcprezi.com"],"url":"https:\/\/mcprezi.com\/en\/author\/msinnhuber\/"}]}},"_links":{"self":[{"href":"https:\/\/mcprezi.com\/en\/wp-json\/wp\/v2\/posts\/6342","targetHints":{"allow":["GET"]}}],"collection":[{"href":"https:\/\/mcprezi.com\/en\/wp-json\/wp\/v2\/posts"}],"about":[{"href":"https:\/\/mcprezi.com\/en\/wp-json\/wp\/v2\/types\/post"}],"author":[{"embeddable":true,"href":"https:\/\/mcprezi.com\/en\/wp-json\/wp\/v2\/users\/3"}],"replies":[{"embeddable":true,"href":"https:\/\/mcprezi.com\/en\/wp-json\/wp\/v2\/comments?post=6342"}],"version-history":[{"count":0,"href":"https:\/\/mcprezi.com\/en\/wp-json\/wp\/v2\/posts\/6342\/revisions"}],"wp:featuredmedia":[{"embeddable":true,"href":"https:\/\/mcprezi.com\/en\/wp-json\/wp\/v2\/media\/6344"}],"wp:attachment":[{"href":"https:\/\/mcprezi.com\/en\/wp-json\/wp\/v2\/media?parent=6342"}],"wp:term":[{"taxonomy":"category","embeddable":true,"href":"https:\/\/mcprezi.com\/en\/wp-json\/wp\/v2\/categories?post=6342"},{"taxonomy":"post_tag","embeddable":true,"href":"https:\/\/mcprezi.com\/en\/wp-json\/wp\/v2\/tags?post=6342"}],"curies":[{"name":"wp","href":"https:\/\/api.w.org\/{rel}","templated":true}]}}